{"id":16925,"date":"2021-02-27T19:03:29","date_gmt":"2021-02-27T18:03:29","guid":{"rendered":"https:\/\/fjungclaus.de\/wp\/?p=16925"},"modified":"2021-02-27T19:03:29","modified_gmt":"2021-02-27T18:03:29","slug":"1-deister-arschgeweih-marathon-43km-2021-02-13","status":"publish","type":"post","link":"https:\/\/fjungclaus.de\/wp\/2021\/02\/27\/1-deister-arschgeweih-marathon-43km-2021-02-13","title":{"rendered":"1. Deister Arschgeweih Marathon, 43km, 2021-02-13"},"content":{"rendered":"<p style=\"text-align: justify;\">Ich meine, es war der Neujahrstag 2021, an dem ich mich zu diesem Lauf angemeldet habe. Die Bef\u00fcrchtungen galten dabei mehr dem SARS-CoV-2 Virus als dem Wetter. Dem Virus wurde durch einen kontaktlosen Lauf begegnet. Der Start von ca. 25 L\u00e4ufern erfolgte dabei \u00fcber einen Zeitraum von 05:00Uhr bis 10:00Uhr verteilt, mit max. 2 Personen je Zeitfenster. Dass aber auch das Wetter eine Herausforderung werden sollte &#8230; Wer konnte denn ahnen, dass es dieses Jahr im Februar tats\u00e4chlich mal wieder richtig Winter(!) werden sollte.<\/p>\n<p style=\"text-align: justify;\">Am Vortag des Laufes wurde also mit tatkr\u00e4ftiger Unterst\u00fctzung der besseren H\u00e4lfte das Auto von Eis und Schnee befreit, der Motor zur Sicherheit &#8211; nachdem das Auto 2 Wochen nicht bewegt wurde &#8211; mal angeworfen und nochmals Scheibenwaschfrostschutz erg\u00e4nzt. Alles schien prima vorbereitet.<\/p>\n<p style=\"text-align: justify;\">Nach der bis dato k\u00e4ltesten Nacht des Jahres mit -17\u00b0C sprang dann am n\u00e4chsten Morgen der Motor auch relativ problemlos an. Aber der Gebl\u00e4semotor der Innenraumbel\u00fcftung gab keinen Mucks von sich. Ohne Bel\u00fcftung der Frontscheibe keine Chance bei -17\u00b0C\u00a0 freien Blick auf die Stra\u00dfe zu behalten. Schon die Suche nach der zum L\u00fcfter geh\u00f6renden Sicherung im Betriebshandbuch des Autos war mit den klammen Fingern eine Herausforderung. Das Ziehen der Sicherung mit den kalten Finger misslang. Erst eine Spitzzange konnte hier weiterhelfen. Aber, Fehlanzeige, die Sicherung war in Ordnung. Also Torx-Schraubendreher besorgt, eine gro\u00dfe Abdeckung im Fu\u00dfraum auf der Beifahrerseite entfernt und den Gebl\u00e4semotor ausgebaut. Das Multimeter zeigte, dass Spannung am Motor anliegt und einmal angeschubst drehte der Gebl\u00e4semotor in der Hand gehalten auch fr\u00f6hlich vor sich hin. Wieder eingebaut, zeigte der Motor aber erneut keinerlei Regung. Hmmm &#8230;. Mit etwas Fingerspitzengef\u00fchl konnte ich den Motor dann, unter Spannung, w\u00e4hrend er sich dabei drehte, wieder einbauen und ich meine Fahrt mit jetzt fast einer Stunde Versp\u00e4tung endlich starten.<\/p>\n<p style=\"text-align: justify;\">Am Deister fand ich dann, nach einer Fahrt durch teilweise dichten Nebel, herrlichstes Winter-Sonnenwetter vor. Das Thermometer zeigt hier jetzt sogar -18\u00b0C.\u00a0 Krass. Aber sofort nach dem Start ging es fast 300 H\u00f6henmeter aufw\u00e4rts, so dass mir bereits nach ca. 3 Kilometern nicht mehr kalt war \ud83d\ude09 Genialer blauer Himmel, f\u00fcr unsere Verh\u00e4ltnisse Unmengen an Schnee und immer wieder lange Abschnitte, die nur sehr schwer zu laufen waren. Am Ende war es f\u00fcr mich mit 7:28h (!!!) und 44.5km auf der Uhr mein bisher langsamster Marathon. Sogar noch \u00fcber eine Stunde langsamer als bei meinem bisherigen &#8220;Rekord&#8221; beim B\u00fcckeberg-Marathon, wo ich im August letzten Jahres mit dickem Pflaster auf einer fetten Sch\u00fcrfwunde am Knie, nach einem Sturz in der Woche davor,\u00a0 mit geschlichen war.<\/p>\n<p style=\"text-align: justify;\">Am Ende war ich froh gestartet zu sein. So viel Winter wird es wahrscheinlich so schnell nicht wieder geben. Tolle Fernsicht in Richtung Norden: Die Ebene lag teilweise in Dunst und Nebel und die kleineren H\u00f6henz\u00fcge und Berge, wie z.B. Benther oder Gehrdener Berg guckten oben aus der Dunstsuppe heraus. Auch war es am Deister deutlichst weniger voll, als ich bef\u00fcrchtet hatte. Au\u00dfer an einigen Spots, an denen gerodelt wurde, war es die meiste Zeit herrlich einsam und still.<\/p>\n<p style=\"text-align: justify;\">Danke an Heiko, f\u00fcr die tolle Idee zu diesem Lauf und dessen corona-konformer Organisation!<\/p>\n<div data-carousel-extra='{\"blog_id\":1,\"permalink\":\"https:\\\/\\\/fjungclaus.de\\\/wp\\\/2021\\\/02\\\/27\\\/1-deister-arschgeweih-marathon-43km-2021-02-13\"}' class=\"tiled-gallery type-rectangular\" data-original-width=\"1130\"><div class=\"gallery-row\" style=\"width: 1125px; height: 326px;\"><div class=\"gallery-group images-1\" style=\"width: 439px; height: 330px;\"><div class=\"tiled-gallery-item tiled-gallery-item-full\"><a href=\"https:\/\/fjungclaus.de\/wp\/2021\/02\/27\/1-deister-arschgeweih-marathon-43km-2021-02-13\/img_20210213_082305\"><img loading=\"lazy\" decoding=\"async\" data-attachment-id=\"16928\" data-orig-file=\"https:\/\/fjungclaus.de\/wp\/wp-content\/uploads\/2021\/02\/IMG_20210213_082305.jpg\" data-orig-size=\"1280,960\" data-comments-opened=\"0\" data-image-meta=\"{&quot;aperture&quot;:&quot;1.75&quot;,&quot;credit&quot;:&quot;&quot;,&quot;camera&quot;:&quot;MI 9&quot;,&quot;caption&quot;:&quot;&quot;,&quot;created_timestamp&quot;:&quot;1613204586&quot;,&quot;copyright&quot;:&quot;&quot;,&quot;focal_length&quot;:&quot;4.75&quot;,&quot;iso&quot;:&quot;2089&quot;,&quot;shutter_speed&quot;:&quot;0.02&quot;,&quot;title&quot;:&quot;&quot;,&quot;orientation&quot;:&quot;1&quot;}\" data-image-title=\"IMG_20210213_082305\" data-image-description=\"\" data-medium-file=\"https:\/\/fjungclaus.de\/wp\/wp-content\/uploads\/2021\/02\/IMG_20210213_082305-640x480.jpg\" data-large-file=\"https:\/\/fjungclaus.de\/wp\/wp-content\/uploads\/2021\/02\/IMG_20210213_082305.jpg\" src=\"https:\/\/fjungclaus.de\/wp\/wp-content\/uploads\/2021\/02\/IMG_20210213_082305.jpg\" width=\"435\" height=\"326\" align=\"left\" title=\"IMG_20210213_082305\" \/><\/a><\/div><\/div><div class=\"gallery-group images-1\" style=\"width: 248px; height: 330px;\"><div class=\"tiled-gallery-item tiled-gallery-item-full\"><a href=\"https:\/\/fjungclaus.de\/wp\/2021\/02\/27\/1-deister-arschgeweih-marathon-43km-2021-02-13\/img_20210213_082317\"><img loading=\"lazy\" decoding=\"async\" data-attachment-id=\"16929\" data-orig-file=\"https:\/\/fjungclaus.de\/wp\/wp-content\/uploads\/2021\/02\/IMG_20210213_082317.jpg\" data-orig-size=\"960,1280\" data-comments-opened=\"0\" data-image-meta=\"{&quot;aperture&quot;:&quot;1.75&quot;,&quot;credit&quot;:&quot;&quot;,&quot;camera&quot;:&quot;MI 9&quot;,&quot;caption&quot;:&quot;&quot;,&quot;created_timestamp&quot;:&quot;1613204598&quot;,&quot;copyright&quot;:&quot;&quot;,&quot;focal_length&quot;:&quot;4.75&quot;,&quot;iso&quot;:&quot;112&quot;,&quot;shutter_speed&quot;:&quot;0.00267379679144&quot;,&quot;title&quot;:&quot;&quot;,&quot;orientation&quot;:&quot;1&quot;}\" data-image-title=\"IMG_20210213_082317\" data-image-description=\"\" data-medium-file=\"https:\/\/fjungclaus.de\/wp\/wp-content\/uploads\/2021\/02\/IMG_20210213_082317-480x640.jpg\" data-large-file=\"https:\/\/fjungclaus.de\/wp\/wp-content\/uploads\/2021\/02\/IMG_20210213_082317.jpg\" src=\"https:\/\/fjungclaus.de\/wp\/wp-content\/uploads\/2021\/02\/IMG_20210213_082317.jpg\" width=\"244\" height=\"326\" align=\"left\" title=\"IMG_20210213_082317\" \/><\/a><\/div><\/div><div class=\"gallery-group images-1\" style=\"width: 438px; height: 330px;\"><div class=\"tiled-gallery-item tiled-gallery-item-full\"><a href=\"https:\/\/fjungclaus.de\/wp\/2021\/02\/27\/1-deister-arschgeweih-marathon-43km-2021-02-13\/img_5101-2\"><img loading=\"lazy\" decoding=\"async\" data-attachment-id=\"16930\" data-orig-file=\"https:\/\/fjungclaus.de\/wp\/wp-content\/uploads\/2021\/02\/IMG_5101.jpg\" data-orig-size=\"1280,960\" data-comments-opened=\"0\" data-image-meta=\"{&quot;aperture&quot;:&quot;4&quot;,&quot;credit&quot;:&quot;&quot;,&quot;camera&quot;:&quot;Canon PowerShot SX730 HS&quot;,&quot;caption&quot;:&quot;&quot;,&quot;created_timestamp&quot;:&quot;1613209485&quot;,&quot;copyright&quot;:&quot;&quot;,&quot;focal_length&quot;:&quot;4.3&quot;,&quot;iso&quot;:&quot;80&quot;,&quot;shutter_speed&quot;:&quot;0.00125&quot;,&quot;title&quot;:&quot;&quot;,&quot;orientation&quot;:&quot;1&quot;}\" data-image-title=\"IMG_5101\" data-image-description=\"\" data-medium-file=\"https:\/\/fjungclaus.de\/wp\/wp-content\/uploads\/2021\/02\/IMG_5101-640x480.jpg\" data-large-file=\"https:\/\/fjungclaus.de\/wp\/wp-content\/uploads\/2021\/02\/IMG_5101.jpg\" src=\"https:\/\/fjungclaus.de\/wp\/wp-content\/uploads\/2021\/02\/IMG_5101.jpg\" width=\"434\" height=\"326\" align=\"left\" title=\"IMG_5101\" \/><\/a><\/div><\/div><\/div><div class=\"gallery-row\" style=\"width: 1125px; height: 790px;\"><div class=\"gallery-group images-2\" style=\"width: 528px; height: 794px;\"><div class=\"tiled-gallery-item tiled-gallery-item-full\"><a href=\"https:\/\/fjungclaus.de\/wp\/2021\/02\/27\/1-deister-arschgeweih-marathon-43km-2021-02-13\/img_5102-3\"><img loading=\"lazy\" decoding=\"async\" data-attachment-id=\"16931\" data-orig-file=\"https:\/\/fjungclaus.de\/wp\/wp-content\/uploads\/2021\/02\/IMG_5102.jpg\" data-orig-size=\"1280,960\" data-comments-opened=\"0\" data-image-meta=\"{&quot;aperture&quot;:&quot;4&quot;,&quot;credit&quot;:&quot;&quot;,&quot;camera&quot;:&quot;Canon PowerShot SX730 HS&quot;,&quot;caption&quot;:&quot;&quot;,&quot;created_timestamp&quot;:&quot;1613209488&quot;,&quot;copyright&quot;:&quot;&quot;,&quot;focal_length&quot;:&quot;4.3&quot;,&quot;iso&quot;:&quot;80&quot;,&quot;shutter_speed&quot;:&quot;0.0015625&quot;,&quot;title&quot;:&quot;&quot;,&quot;orientation&quot;:&quot;1&quot;}\" data-image-title=\"IMG_5102\" data-image-description=\"\" data-medium-file=\"https:\/\/fjungclaus.de\/wp\/wp-content\/uploads\/2021\/02\/IMG_5102-640x480.jpg\" data-large-file=\"https:\/\/fjungclaus.de\/wp\/wp-content\/uploads\/2021\/02\/IMG_5102.jpg\" src=\"https:\/\/fjungclaus.de\/wp\/wp-content\/uploads\/2021\/02\/IMG_5102.jpg\" width=\"524\" height=\"393\" align=\"left\" title=\"IMG_5102\" \/><\/a><\/div><div class=\"tiled-gallery-item tiled-gallery-item-full\"><a href=\"https:\/\/fjungclaus.de\/wp\/2021\/02\/27\/1-deister-arschgeweih-marathon-43km-2021-02-13\/img_5103-3\"><img loading=\"lazy\" decoding=\"async\" data-attachment-id=\"16932\" data-orig-file=\"https:\/\/fjungclaus.de\/wp\/wp-content\/uploads\/2021\/02\/IMG_5103.jpg\" data-orig-size=\"1280,960\" data-comments-opened=\"0\" data-image-meta=\"{&quot;aperture&quot;:&quot;3.3&quot;,&quot;credit&quot;:&quot;&quot;,&quot;camera&quot;:&quot;Canon PowerShot SX730 HS&quot;,&quot;caption&quot;:&quot;&quot;,&quot;created_timestamp&quot;:&quot;1613209494&quot;,&quot;copyright&quot;:&quot;&quot;,&quot;focal_length&quot;:&quot;4.3&quot;,&quot;iso&quot;:&quot;80&quot;,&quot;shutter_speed&quot;:&quot;0.0008&quot;,&quot;title&quot;:&quot;&quot;,&quot;orientation&quot;:&quot;1&quot;}\" data-image-title=\"IMG_5103\" data-image-description=\"\" data-medium-file=\"https:\/\/fjungclaus.de\/wp\/wp-content\/uploads\/2021\/02\/IMG_5103-640x480.jpg\" data-large-file=\"https:\/\/fjungclaus.de\/wp\/wp-content\/uploads\/2021\/02\/IMG_5103.jpg\" src=\"https:\/\/fjungclaus.de\/wp\/wp-content\/uploads\/2021\/02\/IMG_5103.jpg\" width=\"524\" height=\"393\" align=\"left\" title=\"IMG_5103\" \/><\/a><\/div><\/div><div class=\"gallery-group images-1\" style=\"width: 597px; height: 794px;\"><div class=\"tiled-gallery-item tiled-gallery-item-full\"><a href=\"https:\/\/fjungclaus.de\/wp\/2021\/02\/27\/1-deister-arschgeweih-marathon-43km-2021-02-13\/img_5107-2\"><img loading=\"lazy\" decoding=\"async\" data-attachment-id=\"16933\" data-orig-file=\"https:\/\/fjungclaus.de\/wp\/wp-content\/uploads\/2021\/02\/IMG_5107.jpg\" data-orig-size=\"960,1280\" data-comments-opened=\"0\" data-image-meta=\"{&quot;aperture&quot;:&quot;4&quot;,&quot;credit&quot;:&quot;&quot;,&quot;camera&quot;:&quot;Canon PowerShot SX730 HS&quot;,&quot;caption&quot;:&quot;&quot;,&quot;created_timestamp&quot;:&quot;1613209912&quot;,&quot;copyright&quot;:&quot;&quot;,&quot;focal_length&quot;:&quot;4.3&quot;,&quot;iso&quot;:&quot;80&quot;,&quot;shutter_speed&quot;:&quot;0.0015625&quot;,&quot;title&quot;:&quot;&quot;,&quot;orientation&quot;:&quot;1&quot;}\" data-image-title=\"IMG_5107\" data-image-description=\"\" data-medium-file=\"https:\/\/fjungclaus.de\/wp\/wp-content\/uploads\/2021\/02\/IMG_5107-480x640.jpg\" data-large-file=\"https:\/\/fjungclaus.de\/wp\/wp-content\/uploads\/2021\/02\/IMG_5107.jpg\" src=\"https:\/\/fjungclaus.de\/wp\/wp-content\/uploads\/2021\/02\/IMG_5107.jpg\" width=\"593\" height=\"790\" align=\"left\" title=\"IMG_5107\" \/><\/a><\/div><\/div><\/div><div class=\"gallery-row\" style=\"width: 1125px; height: 326px;\"><div class=\"gallery-group images-1\" style=\"width: 439px; height: 330px;\"><div class=\"tiled-gallery-item tiled-gallery-item-full\"><a href=\"https:\/\/fjungclaus.de\/wp\/2021\/02\/27\/1-deister-arschgeweih-marathon-43km-2021-02-13\/img_5119-2\"><img loading=\"lazy\" decoding=\"async\" data-attachment-id=\"16934\" data-orig-file=\"https:\/\/fjungclaus.de\/wp\/wp-content\/uploads\/2021\/02\/IMG_5119.jpg\" data-orig-size=\"1280,960\" data-comments-opened=\"0\" data-image-meta=\"{&quot;aperture&quot;:&quot;4&quot;,&quot;credit&quot;:&quot;&quot;,&quot;camera&quot;:&quot;Canon PowerShot SX730 HS&quot;,&quot;caption&quot;:&quot;&quot;,&quot;created_timestamp&quot;:&quot;1613211674&quot;,&quot;copyright&quot;:&quot;&quot;,&quot;focal_length&quot;:&quot;4.3&quot;,&quot;iso&quot;:&quot;80&quot;,&quot;shutter_speed&quot;:&quot;0.004&quot;,&quot;title&quot;:&quot;&quot;,&quot;orientation&quot;:&quot;1&quot;}\" data-image-title=\"IMG_5119\" data-image-description=\"\" data-medium-file=\"https:\/\/fjungclaus.de\/wp\/wp-content\/uploads\/2021\/02\/IMG_5119-640x480.jpg\" data-large-file=\"https:\/\/fjungclaus.de\/wp\/wp-content\/uploads\/2021\/02\/IMG_5119.jpg\" src=\"https:\/\/fjungclaus.de\/wp\/wp-content\/uploads\/2021\/02\/IMG_5119.jpg\" width=\"435\" height=\"326\" align=\"left\" title=\"IMG_5119\" \/><\/a><\/div><\/div><div class=\"gallery-group images-1\" style=\"width: 248px; height: 330px;\"><div class=\"tiled-gallery-item tiled-gallery-item-full\"><a href=\"https:\/\/fjungclaus.de\/wp\/2021\/02\/27\/1-deister-arschgeweih-marathon-43km-2021-02-13\/img_5122\"><img loading=\"lazy\" decoding=\"async\" data-attachment-id=\"16935\" data-orig-file=\"https:\/\/fjungclaus.de\/wp\/wp-content\/uploads\/2021\/02\/IMG_5122.jpg\" data-orig-size=\"960,1280\" data-comments-opened=\"0\" data-image-meta=\"{&quot;aperture&quot;:&quot;4&quot;,&quot;credit&quot;:&quot;&quot;,&quot;camera&quot;:&quot;Canon PowerShot SX730 HS&quot;,&quot;caption&quot;:&quot;&quot;,&quot;created_timestamp&quot;:&quot;1613212396&quot;,&quot;copyright&quot;:&quot;&quot;,&quot;focal_length&quot;:&quot;4.3&quot;,&quot;iso&quot;:&quot;80&quot;,&quot;shutter_speed&quot;:&quot;0.005&quot;,&quot;title&quot;:&quot;&quot;,&quot;orientation&quot;:&quot;1&quot;}\" data-image-title=\"IMG_5122\" data-image-description=\"\" data-medium-file=\"https:\/\/fjungclaus.de\/wp\/wp-content\/uploads\/2021\/02\/IMG_5122-480x640.jpg\" data-large-file=\"https:\/\/fjungclaus.de\/wp\/wp-content\/uploads\/2021\/02\/IMG_5122.jpg\" src=\"https:\/\/fjungclaus.de\/wp\/wp-content\/uploads\/2021\/02\/IMG_5122.jpg\" width=\"244\" height=\"326\" align=\"left\" title=\"IMG_5122\" \/><\/a><\/div><\/div><div class=\"gallery-group images-1\" style=\"width: 438px; height: 330px;\"><div class=\"tiled-gallery-item tiled-gallery-item-full\"><a href=\"https:\/\/fjungclaus.de\/wp\/2021\/02\/27\/1-deister-arschgeweih-marathon-43km-2021-02-13\/img_5126-2\"><img loading=\"lazy\" decoding=\"async\" data-attachment-id=\"16936\" data-orig-file=\"https:\/\/fjungclaus.de\/wp\/wp-content\/uploads\/2021\/02\/IMG_5126.jpg\" data-orig-size=\"1280,960\" data-comments-opened=\"0\" data-image-meta=\"{&quot;aperture&quot;:&quot;4.5&quot;,&quot;credit&quot;:&quot;&quot;,&quot;camera&quot;:&quot;Canon PowerShot SX730 HS&quot;,&quot;caption&quot;:&quot;&quot;,&quot;created_timestamp&quot;:&quot;1613214877&quot;,&quot;copyright&quot;:&quot;&quot;,&quot;focal_length&quot;:&quot;12.205&quot;,&quot;iso&quot;:&quot;80&quot;,&quot;shutter_speed&quot;:&quot;0.0008&quot;,&quot;title&quot;:&quot;&quot;,&quot;orientation&quot;:&quot;1&quot;}\" data-image-title=\"IMG_5126\" data-image-description=\"\" data-medium-file=\"https:\/\/fjungclaus.de\/wp\/wp-content\/uploads\/2021\/02\/IMG_5126-640x480.jpg\" data-large-file=\"https:\/\/fjungclaus.de\/wp\/wp-content\/uploads\/2021\/02\/IMG_5126.jpg\" src=\"https:\/\/fjungclaus.de\/wp\/wp-content\/uploads\/2021\/02\/IMG_5126.jpg\" width=\"434\" height=\"326\" align=\"left\" title=\"IMG_5126\" \/><\/a><\/div><\/div><\/div><div class=\"gallery-row\" style=\"width: 1125px; height: 560px;\"><div class=\"gallery-group images-1\" style=\"width: 750px; height: 564px;\"><div class=\"tiled-gallery-item tiled-gallery-item-full\"><a href=\"https:\/\/fjungclaus.de\/wp\/2021\/02\/27\/1-deister-arschgeweih-marathon-43km-2021-02-13\/img_5133-3\"><img loading=\"lazy\" decoding=\"async\" data-attachment-id=\"16937\" data-orig-file=\"https:\/\/fjungclaus.de\/wp\/wp-content\/uploads\/2021\/02\/IMG_5133.jpg\" data-orig-size=\"1280,960\" data-comments-opened=\"0\" data-image-meta=\"{&quot;aperture&quot;:&quot;4&quot;,&quot;credit&quot;:&quot;&quot;,&quot;camera&quot;:&quot;Canon PowerShot SX730 HS&quot;,&quot;caption&quot;:&quot;&quot;,&quot;created_timestamp&quot;:&quot;1613214900&quot;,&quot;copyright&quot;:&quot;&quot;,&quot;focal_length&quot;:&quot;4.3&quot;,&quot;iso&quot;:&quot;80&quot;,&quot;shutter_speed&quot;:&quot;0.0008&quot;,&quot;title&quot;:&quot;&quot;,&quot;orientation&quot;:&quot;1&quot;}\" data-image-title=\"IMG_5133\" data-image-description=\"\" data-medium-file=\"https:\/\/fjungclaus.de\/wp\/wp-content\/uploads\/2021\/02\/IMG_5133-640x480.jpg\" data-large-file=\"https:\/\/fjungclaus.de\/wp\/wp-content\/uploads\/2021\/02\/IMG_5133.jpg\" src=\"https:\/\/fjungclaus.de\/wp\/wp-content\/uploads\/2021\/02\/IMG_5133.jpg\" width=\"746\" height=\"560\" align=\"left\" title=\"IMG_5133\" \/><\/a><\/div><\/div><div class=\"gallery-group images-2\" style=\"width: 375px; height: 564px;\"><div class=\"tiled-gallery-item tiled-gallery-item-full\"><a href=\"https:\/\/fjungclaus.de\/wp\/2021\/02\/27\/1-deister-arschgeweih-marathon-43km-2021-02-13\/img_5135\"><img loading=\"lazy\" decoding=\"async\" data-attachment-id=\"16938\" data-orig-file=\"https:\/\/fjungclaus.de\/wp\/wp-content\/uploads\/2021\/02\/IMG_5135.jpg\" data-orig-size=\"1280,960\" data-comments-opened=\"0\" data-image-meta=\"{&quot;aperture&quot;:&quot;4&quot;,&quot;credit&quot;:&quot;&quot;,&quot;camera&quot;:&quot;Canon PowerShot SX730 HS&quot;,&quot;caption&quot;:&quot;&quot;,&quot;created_timestamp&quot;:&quot;1613215345&quot;,&quot;copyright&quot;:&quot;&quot;,&quot;focal_length&quot;:&quot;4.3&quot;,&quot;iso&quot;:&quot;80&quot;,&quot;shutter_speed&quot;:&quot;0.0008&quot;,&quot;title&quot;:&quot;&quot;,&quot;orientation&quot;:&quot;1&quot;}\" data-image-title=\"IMG_5135\" data-image-description=\"\" data-medium-file=\"https:\/\/fjungclaus.de\/wp\/wp-content\/uploads\/2021\/02\/IMG_5135-640x480.jpg\" data-large-file=\"https:\/\/fjungclaus.de\/wp\/wp-content\/uploads\/2021\/02\/IMG_5135.jpg\" src=\"https:\/\/fjungclaus.de\/wp\/wp-content\/uploads\/2021\/02\/IMG_5135.jpg\" width=\"371\" height=\"278\" align=\"left\" title=\"IMG_5135\" \/><\/a><\/div><div class=\"tiled-gallery-item tiled-gallery-item-full\"><a href=\"https:\/\/fjungclaus.de\/wp\/2021\/02\/27\/1-deister-arschgeweih-marathon-43km-2021-02-13\/img_5143\"><img loading=\"lazy\" decoding=\"async\" data-attachment-id=\"16939\" data-orig-file=\"https:\/\/fjungclaus.de\/wp\/wp-content\/uploads\/2021\/02\/IMG_5143.jpg\" data-orig-size=\"1280,960\" data-comments-opened=\"0\" data-image-meta=\"{&quot;aperture&quot;:&quot;4&quot;,&quot;credit&quot;:&quot;&quot;,&quot;camera&quot;:&quot;Canon PowerShot SX730 HS&quot;,&quot;caption&quot;:&quot;&quot;,&quot;created_timestamp&quot;:&quot;1613215361&quot;,&quot;copyright&quot;:&quot;&quot;,&quot;focal_length&quot;:&quot;4.3&quot;,&quot;iso&quot;:&quot;80&quot;,&quot;shutter_speed&quot;:&quot;0.0008&quot;,&quot;title&quot;:&quot;&quot;,&quot;orientation&quot;:&quot;1&quot;}\" data-image-title=\"IMG_5143\" data-image-description=\"\" data-medium-file=\"https:\/\/fjungclaus.de\/wp\/wp-content\/uploads\/2021\/02\/IMG_5143-640x480.jpg\" data-large-file=\"https:\/\/fjungclaus.de\/wp\/wp-content\/uploads\/2021\/02\/IMG_5143.jpg\" src=\"https:\/\/fjungclaus.de\/wp\/wp-content\/uploads\/2021\/02\/IMG_5143.jpg\" width=\"371\" height=\"278\" align=\"left\" title=\"IMG_5143\" \/><\/a><\/div><\/div><\/div><div class=\"gallery-row\" style=\"width: 1125px; height: 938px;\"><div class=\"gallery-group images-1\" style=\"width: 708px; height: 942px;\"><div class=\"tiled-gallery-item tiled-gallery-item-full\"><a href=\"https:\/\/fjungclaus.de\/wp\/2021\/02\/27\/1-deister-arschgeweih-marathon-43km-2021-02-13\/img_5144\"><img loading=\"lazy\" decoding=\"async\" data-attachment-id=\"16940\" data-orig-file=\"https:\/\/fjungclaus.de\/wp\/wp-content\/uploads\/2021\/02\/IMG_5144.jpg\" data-orig-size=\"960,1280\" data-comments-opened=\"0\" data-image-meta=\"{&quot;aperture&quot;:&quot;4.5&quot;,&quot;credit&quot;:&quot;&quot;,&quot;camera&quot;:&quot;Canon PowerShot SX730 HS&quot;,&quot;caption&quot;:&quot;&quot;,&quot;created_timestamp&quot;:&quot;1613215367&quot;,&quot;copyright&quot;:&quot;&quot;,&quot;focal_length&quot;:&quot;10.055&quot;,&quot;iso&quot;:&quot;80&quot;,&quot;shutter_speed&quot;:&quot;0.0008&quot;,&quot;title&quot;:&quot;&quot;,&quot;orientation&quot;:&quot;1&quot;}\" data-image-title=\"IMG_5144\" data-image-description=\"\" data-medium-file=\"https:\/\/fjungclaus.de\/wp\/wp-content\/uploads\/2021\/02\/IMG_5144-480x640.jpg\" data-large-file=\"https:\/\/fjungclaus.de\/wp\/wp-content\/uploads\/2021\/02\/IMG_5144.jpg\" src=\"https:\/\/fjungclaus.de\/wp\/wp-content\/uploads\/2021\/02\/IMG_5144.jpg\" width=\"704\" height=\"938\" align=\"left\" title=\"IMG_5144\" \/><\/a><\/div><\/div><div class=\"gallery-group images-3\" style=\"width: 417px; height: 942px;\"><div class=\"tiled-gallery-item tiled-gallery-item-full\"><a href=\"https:\/\/fjungclaus.de\/wp\/2021\/02\/27\/1-deister-arschgeweih-marathon-43km-2021-02-13\/img_5145-4\"><img loading=\"lazy\" decoding=\"async\" data-attachment-id=\"16941\" data-orig-file=\"https:\/\/fjungclaus.de\/wp\/wp-content\/uploads\/2021\/02\/IMG_5145.jpg\" data-orig-size=\"1280,960\" data-comments-opened=\"0\" data-image-meta=\"{&quot;aperture&quot;:&quot;5&quot;,&quot;credit&quot;:&quot;&quot;,&quot;camera&quot;:&quot;Canon PowerShot SX730 HS&quot;,&quot;caption&quot;:&quot;&quot;,&quot;created_timestamp&quot;:&quot;1613215379&quot;,&quot;copyright&quot;:&quot;&quot;,&quot;focal_length&quot;:&quot;4.3&quot;,&quot;iso&quot;:&quot;80&quot;,&quot;shutter_speed&quot;:&quot;0.0008&quot;,&quot;title&quot;:&quot;&quot;,&quot;orientation&quot;:&quot;1&quot;}\" data-image-title=\"IMG_5145\" data-image-description=\"\" data-medium-file=\"https:\/\/fjungclaus.de\/wp\/wp-content\/uploads\/2021\/02\/IMG_5145-640x480.jpg\" data-large-file=\"https:\/\/fjungclaus.de\/wp\/wp-content\/uploads\/2021\/02\/IMG_5145.jpg\" src=\"https:\/\/fjungclaus.de\/wp\/wp-content\/uploads\/2021\/02\/IMG_5145.jpg\" width=\"413\" height=\"310\" align=\"left\" title=\"IMG_5145\" \/><\/a><\/div><div class=\"tiled-gallery-item tiled-gallery-item-full\"><a href=\"https:\/\/fjungclaus.de\/wp\/2021\/02\/27\/1-deister-arschgeweih-marathon-43km-2021-02-13\/img_5150-2\"><img loading=\"lazy\" decoding=\"async\" data-attachment-id=\"16942\" data-orig-file=\"https:\/\/fjungclaus.de\/wp\/wp-content\/uploads\/2021\/02\/IMG_5150.jpg\" data-orig-size=\"1280,960\" data-comments-opened=\"0\" data-image-meta=\"{&quot;aperture&quot;:&quot;4.5&quot;,&quot;credit&quot;:&quot;&quot;,&quot;camera&quot;:&quot;Canon PowerShot SX730 HS&quot;,&quot;caption&quot;:&quot;&quot;,&quot;created_timestamp&quot;:&quot;1613215740&quot;,&quot;copyright&quot;:&quot;&quot;,&quot;focal_length&quot;:&quot;4.3&quot;,&quot;iso&quot;:&quot;80&quot;,&quot;shutter_speed&quot;:&quot;0.0008&quot;,&quot;title&quot;:&quot;&quot;,&quot;orientation&quot;:&quot;1&quot;}\" data-image-title=\"IMG_5150\" data-image-description=\"\" data-medium-file=\"https:\/\/fjungclaus.de\/wp\/wp-content\/uploads\/2021\/02\/IMG_5150-640x480.jpg\" data-large-file=\"https:\/\/fjungclaus.de\/wp\/wp-content\/uploads\/2021\/02\/IMG_5150.jpg\" src=\"https:\/\/fjungclaus.de\/wp\/wp-content\/uploads\/2021\/02\/IMG_5150.jpg\" width=\"413\" height=\"310\" align=\"left\" title=\"IMG_5150\" \/><\/a><\/div><div class=\"tiled-gallery-item tiled-gallery-item-full\"><a href=\"https:\/\/fjungclaus.de\/wp\/2021\/02\/27\/1-deister-arschgeweih-marathon-43km-2021-02-13\/img_5151-2\"><img loading=\"lazy\" decoding=\"async\" data-attachment-id=\"16943\" data-orig-file=\"https:\/\/fjungclaus.de\/wp\/wp-content\/uploads\/2021\/02\/IMG_5151.jpg\" data-orig-size=\"1280,960\" data-comments-opened=\"0\" data-image-meta=\"{&quot;aperture&quot;:&quot;4&quot;,&quot;credit&quot;:&quot;&quot;,&quot;camera&quot;:&quot;Canon PowerShot SX730 HS&quot;,&quot;caption&quot;:&quot;&quot;,&quot;created_timestamp&quot;:&quot;1613215747&quot;,&quot;copyright&quot;:&quot;&quot;,&quot;focal_length&quot;:&quot;4.3&quot;,&quot;iso&quot;:&quot;80&quot;,&quot;shutter_speed&quot;:&quot;0.0008&quot;,&quot;title&quot;:&quot;&quot;,&quot;orientation&quot;:&quot;1&quot;}\" data-image-title=\"IMG_5151\" data-image-description=\"\" data-medium-file=\"https:\/\/fjungclaus.de\/wp\/wp-content\/uploads\/2021\/02\/IMG_5151-640x480.jpg\" data-large-file=\"https:\/\/fjungclaus.de\/wp\/wp-content\/uploads\/2021\/02\/IMG_5151.jpg\" src=\"https:\/\/fjungclaus.de\/wp\/wp-content\/uploads\/2021\/02\/IMG_5151.jpg\" width=\"413\" height=\"310\" align=\"left\" title=\"IMG_5151\" \/><\/a><\/div><\/div><\/div><div class=\"gallery-row\" style=\"width: 1125px; height: 393px;\"><div class=\"gallery-group images-1\" style=\"width: 528px; height: 397px;\"><div class=\"tiled-gallery-item tiled-gallery-item-full\"><a href=\"https:\/\/fjungclaus.de\/wp\/2021\/02\/27\/1-deister-arschgeweih-marathon-43km-2021-02-13\/img_5156-2\"><img loading=\"lazy\" decoding=\"async\" data-attachment-id=\"16944\" data-orig-file=\"https:\/\/fjungclaus.de\/wp\/wp-content\/uploads\/2021\/02\/IMG_5156.jpg\" data-orig-size=\"1280,960\" data-comments-opened=\"0\" data-image-meta=\"{&quot;aperture&quot;:&quot;4&quot;,&quot;credit&quot;:&quot;&quot;,&quot;camera&quot;:&quot;Canon PowerShot SX730 HS&quot;,&quot;caption&quot;:&quot;&quot;,&quot;created_timestamp&quot;:&quot;1613215793&quot;,&quot;copyright&quot;:&quot;&quot;,&quot;focal_length&quot;:&quot;4.3&quot;,&quot;iso&quot;:&quot;80&quot;,&quot;shutter_speed&quot;:&quot;0.0008&quot;,&quot;title&quot;:&quot;&quot;,&quot;orientation&quot;:&quot;1&quot;}\" data-image-title=\"IMG_5156\" data-image-description=\"\" data-medium-file=\"https:\/\/fjungclaus.de\/wp\/wp-content\/uploads\/2021\/02\/IMG_5156-640x480.jpg\" data-large-file=\"https:\/\/fjungclaus.de\/wp\/wp-content\/uploads\/2021\/02\/IMG_5156.jpg\" src=\"https:\/\/fjungclaus.de\/wp\/wp-content\/uploads\/2021\/02\/IMG_5156.jpg\" width=\"524\" height=\"393\" align=\"left\" title=\"IMG_5156\" \/><\/a><\/div><\/div><div class=\"gallery-group images-1\" style=\"width: 299px; height: 397px;\"><div class=\"tiled-gallery-item tiled-gallery-item-full\"><a href=\"https:\/\/fjungclaus.de\/wp\/2021\/02\/27\/1-deister-arschgeweih-marathon-43km-2021-02-13\/img_5161\"><img loading=\"lazy\" decoding=\"async\" data-attachment-id=\"16945\" data-orig-file=\"https:\/\/fjungclaus.de\/wp\/wp-content\/uploads\/2021\/02\/IMG_5161.jpg\" data-orig-size=\"960,1280\" data-comments-opened=\"0\" data-image-meta=\"{&quot;aperture&quot;:&quot;4&quot;,&quot;credit&quot;:&quot;&quot;,&quot;camera&quot;:&quot;Canon PowerShot SX730 HS&quot;,&quot;caption&quot;:&quot;&quot;,&quot;created_timestamp&quot;:&quot;1613216883&quot;,&quot;copyright&quot;:&quot;&quot;,&quot;focal_length&quot;:&quot;4.3&quot;,&quot;iso&quot;:&quot;80&quot;,&quot;shutter_speed&quot;:&quot;0.001&quot;,&quot;title&quot;:&quot;&quot;,&quot;orientation&quot;:&quot;1&quot;}\" data-image-title=\"IMG_5161\" data-image-description=\"\" data-medium-file=\"https:\/\/fjungclaus.de\/wp\/wp-content\/uploads\/2021\/02\/IMG_5161-480x640.jpg\" data-large-file=\"https:\/\/fjungclaus.de\/wp\/wp-content\/uploads\/2021\/02\/IMG_5161.jpg\" src=\"https:\/\/fjungclaus.de\/wp\/wp-content\/uploads\/2021\/02\/IMG_5161.jpg\" width=\"295\" height=\"393\" align=\"left\" title=\"IMG_5161\" \/><\/a><\/div><\/div><div class=\"gallery-group images-1\" style=\"width: 298px; height: 397px;\"><div class=\"tiled-gallery-item tiled-gallery-item-full\"><a href=\"https:\/\/fjungclaus.de\/wp\/2021\/02\/27\/1-deister-arschgeweih-marathon-43km-2021-02-13\/img_5162-2\"><img loading=\"lazy\" decoding=\"async\" data-attachment-id=\"16946\" data-orig-file=\"https:\/\/fjungclaus.de\/wp\/wp-content\/uploads\/2021\/02\/IMG_5162.jpg\" data-orig-size=\"960,1280\" data-comments-opened=\"0\" data-image-meta=\"{&quot;aperture&quot;:&quot;4&quot;,&quot;credit&quot;:&quot;&quot;,&quot;camera&quot;:&quot;Canon PowerShot SX730 HS&quot;,&quot;caption&quot;:&quot;&quot;,&quot;created_timestamp&quot;:&quot;1613216887&quot;,&quot;copyright&quot;:&quot;&quot;,&quot;focal_length&quot;:&quot;4.3&quot;,&quot;iso&quot;:&quot;80&quot;,&quot;shutter_speed&quot;:&quot;0.0015625&quot;,&quot;title&quot;:&quot;&quot;,&quot;orientation&quot;:&quot;1&quot;}\" data-image-title=\"IMG_5162\" data-image-description=\"\" data-medium-file=\"https:\/\/fjungclaus.de\/wp\/wp-content\/uploads\/2021\/02\/IMG_5162-480x640.jpg\" data-large-file=\"https:\/\/fjungclaus.de\/wp\/wp-content\/uploads\/2021\/02\/IMG_5162.jpg\" src=\"https:\/\/fjungclaus.de\/wp\/wp-content\/uploads\/2021\/02\/IMG_5162.jpg\" width=\"294\" height=\"393\" align=\"left\" title=\"IMG_5162\" \/><\/a><\/div><\/div><\/div><div class=\"gallery-row\" style=\"width: 1125px; height: 536px;\"><div class=\"gallery-group images-1\" style=\"width: 719px; height: 540px;\"><div class=\"tiled-gallery-item tiled-gallery-item-full\"><a href=\"https:\/\/fjungclaus.de\/wp\/2021\/02\/27\/1-deister-arschgeweih-marathon-43km-2021-02-13\/img_5168\"><img loading=\"lazy\" decoding=\"async\" data-attachment-id=\"16947\" data-orig-file=\"https:\/\/fjungclaus.de\/wp\/wp-content\/uploads\/2021\/02\/IMG_5168.jpg\" data-orig-size=\"1280,960\" data-comments-opened=\"0\" data-image-meta=\"{&quot;aperture&quot;:&quot;5&quot;,&quot;credit&quot;:&quot;&quot;,&quot;camera&quot;:&quot;Canon PowerShot SX730 HS&quot;,&quot;caption&quot;:&quot;&quot;,&quot;created_timestamp&quot;:&quot;1613220979&quot;,&quot;copyright&quot;:&quot;&quot;,&quot;focal_length&quot;:&quot;4.3&quot;,&quot;iso&quot;:&quot;80&quot;,&quot;shutter_speed&quot;:&quot;0.0008&quot;,&quot;title&quot;:&quot;&quot;,&quot;orientation&quot;:&quot;1&quot;}\" data-image-title=\"IMG_5168\" data-image-description=\"\" data-medium-file=\"https:\/\/fjungclaus.de\/wp\/wp-content\/uploads\/2021\/02\/IMG_5168-640x480.jpg\" data-large-file=\"https:\/\/fjungclaus.de\/wp\/wp-content\/uploads\/2021\/02\/IMG_5168.jpg\" src=\"https:\/\/fjungclaus.de\/wp\/wp-content\/uploads\/2021\/02\/IMG_5168.jpg\" width=\"715\" height=\"536\" align=\"left\" title=\"IMG_5168\" \/><\/a><\/div><\/div><div class=\"gallery-group images-1\" style=\"width: 406px; height: 540px;\"><div class=\"tiled-gallery-item tiled-gallery-item-full\"><a href=\"https:\/\/fjungclaus.de\/wp\/2021\/02\/27\/1-deister-arschgeweih-marathon-43km-2021-02-13\/img_5170-2\"><img loading=\"lazy\" decoding=\"async\" data-attachment-id=\"16948\" data-orig-file=\"https:\/\/fjungclaus.de\/wp\/wp-content\/uploads\/2021\/02\/IMG_5170.jpg\" data-orig-size=\"960,1280\" data-comments-opened=\"0\" data-image-meta=\"{&quot;aperture&quot;:&quot;4.5&quot;,&quot;credit&quot;:&quot;&quot;,&quot;camera&quot;:&quot;Canon PowerShot SX730 HS&quot;,&quot;caption&quot;:&quot;&quot;,&quot;created_timestamp&quot;:&quot;1613221782&quot;,&quot;copyright&quot;:&quot;&quot;,&quot;focal_length&quot;:&quot;13.192&quot;,&quot;iso&quot;:&quot;80&quot;,&quot;shutter_speed&quot;:&quot;0.001&quot;,&quot;title&quot;:&quot;&quot;,&quot;orientation&quot;:&quot;1&quot;}\" data-image-title=\"IMG_5170\" data-image-description=\"\" data-medium-file=\"https:\/\/fjungclaus.de\/wp\/wp-content\/uploads\/2021\/02\/IMG_5170-480x640.jpg\" data-large-file=\"https:\/\/fjungclaus.de\/wp\/wp-content\/uploads\/2021\/02\/IMG_5170.jpg\" src=\"https:\/\/fjungclaus.de\/wp\/wp-content\/uploads\/2021\/02\/IMG_5170.jpg\" width=\"402\" height=\"536\" align=\"left\" title=\"IMG_5170\" \/><\/a><\/div><\/div><\/div><div class=\"gallery-row\" style=\"width: 1125px; height: 560px;\"><div class=\"gallery-group images-1\" style=\"width: 750px; height: 564px;\"><div class=\"tiled-gallery-item tiled-gallery-item-full\"><a href=\"https:\/\/fjungclaus.de\/wp\/2021\/02\/27\/1-deister-arschgeweih-marathon-43km-2021-02-13\/img_5175-2\"><img loading=\"lazy\" decoding=\"async\" data-attachment-id=\"16949\" data-orig-file=\"https:\/\/fjungclaus.de\/wp\/wp-content\/uploads\/2021\/02\/IMG_5175.jpg\" data-orig-size=\"1280,960\" data-comments-opened=\"0\" data-image-meta=\"{&quot;aperture&quot;:&quot;4&quot;,&quot;credit&quot;:&quot;&quot;,&quot;camera&quot;:&quot;Canon PowerShot SX730 HS&quot;,&quot;caption&quot;:&quot;&quot;,&quot;created_timestamp&quot;:&quot;1613222731&quot;,&quot;copyright&quot;:&quot;&quot;,&quot;focal_length&quot;:&quot;4.3&quot;,&quot;iso&quot;:&quot;80&quot;,&quot;shutter_speed&quot;:&quot;0.003125&quot;,&quot;title&quot;:&quot;&quot;,&quot;orientation&quot;:&quot;1&quot;}\" data-image-title=\"IMG_5175\" data-image-description=\"\" data-medium-file=\"https:\/\/fjungclaus.de\/wp\/wp-content\/uploads\/2021\/02\/IMG_5175-640x480.jpg\" data-large-file=\"https:\/\/fjungclaus.de\/wp\/wp-content\/uploads\/2021\/02\/IMG_5175.jpg\" src=\"https:\/\/fjungclaus.de\/wp\/wp-content\/uploads\/2021\/02\/IMG_5175.jpg\" width=\"746\" height=\"560\" align=\"left\" title=\"IMG_5175\" \/><\/a><\/div><\/div><div class=\"gallery-group images-2\" style=\"width: 375px; height: 564px;\"><div class=\"tiled-gallery-item tiled-gallery-item-full\"><a href=\"https:\/\/fjungclaus.de\/wp\/2021\/02\/27\/1-deister-arschgeweih-marathon-43km-2021-02-13\/img_5179-2\"><img loading=\"lazy\" decoding=\"async\" data-attachment-id=\"16950\" data-orig-file=\"https:\/\/fjungclaus.de\/wp\/wp-content\/uploads\/2021\/02\/IMG_5179.jpg\" data-orig-size=\"1280,960\" data-comments-opened=\"0\" data-image-meta=\"{&quot;aperture&quot;:&quot;4&quot;,&quot;credit&quot;:&quot;&quot;,&quot;camera&quot;:&quot;Canon PowerShot SX730 HS&quot;,&quot;caption&quot;:&quot;&quot;,&quot;created_timestamp&quot;:&quot;1613231803&quot;,&quot;copyright&quot;:&quot;&quot;,&quot;focal_length&quot;:&quot;4.3&quot;,&quot;iso&quot;:&quot;80&quot;,&quot;shutter_speed&quot;:&quot;0.008&quot;,&quot;title&quot;:&quot;&quot;,&quot;orientation&quot;:&quot;1&quot;}\" data-image-title=\"IMG_5179\" data-image-description=\"\" data-medium-file=\"https:\/\/fjungclaus.de\/wp\/wp-content\/uploads\/2021\/02\/IMG_5179-640x480.jpg\" data-large-file=\"https:\/\/fjungclaus.de\/wp\/wp-content\/uploads\/2021\/02\/IMG_5179.jpg\" src=\"https:\/\/fjungclaus.de\/wp\/wp-content\/uploads\/2021\/02\/IMG_5179.jpg\" width=\"371\" height=\"278\" align=\"left\" title=\"IMG_5179\" \/><\/a><\/div><div class=\"tiled-gallery-item tiled-gallery-item-full\"><a href=\"https:\/\/fjungclaus.de\/wp\/2021\/02\/27\/1-deister-arschgeweih-marathon-43km-2021-02-13\/img_5184\"><img loading=\"lazy\" decoding=\"async\" data-attachment-id=\"16951\" data-orig-file=\"https:\/\/fjungclaus.de\/wp\/wp-content\/uploads\/2021\/02\/IMG_5184.jpg\" data-orig-size=\"1280,960\" data-comments-opened=\"0\" data-image-meta=\"{&quot;aperture&quot;:&quot;4&quot;,&quot;credit&quot;:&quot;&quot;,&quot;camera&quot;:&quot;Canon PowerShot SX730 HS&quot;,&quot;caption&quot;:&quot;&quot;,&quot;created_timestamp&quot;:&quot;1613233831&quot;,&quot;copyright&quot;:&quot;&quot;,&quot;focal_length&quot;:&quot;4.3&quot;,&quot;iso&quot;:&quot;80&quot;,&quot;shutter_speed&quot;:&quot;0.01&quot;,&quot;title&quot;:&quot;&quot;,&quot;orientation&quot;:&quot;1&quot;}\" data-image-title=\"IMG_5184\" data-image-description=\"\" data-medium-file=\"https:\/\/fjungclaus.de\/wp\/wp-content\/uploads\/2021\/02\/IMG_5184-640x480.jpg\" data-large-file=\"https:\/\/fjungclaus.de\/wp\/wp-content\/uploads\/2021\/02\/IMG_5184.jpg\" src=\"https:\/\/fjungclaus.de\/wp\/wp-content\/uploads\/2021\/02\/IMG_5184.jpg\" width=\"371\" height=\"278\" align=\"left\" title=\"IMG_5184\" \/><\/a><\/div><\/div><\/div><div class=\"gallery-row\" style=\"width: 1125px; height: 552px;\"><div class=\"gallery-group images-1\" style=\"width: 707px; height: 556px;\"><div class=\"tiled-gallery-item tiled-gallery-item-full\"><a href=\"https:\/\/fjungclaus.de\/wp\/2021\/02\/27\/1-deister-arschgeweih-marathon-43km-2021-02-13\/strecke-1ter-deister-arschgeweih-marathon-2021-02-13\"><img loading=\"lazy\" decoding=\"async\" data-attachment-id=\"16952\" data-orig-file=\"https:\/\/fjungclaus.de\/wp\/wp-content\/uploads\/2021\/02\/strecke-1ter-deister-arschgeweih-marathon-2021-02-13.jpg\" data-orig-size=\"1045,820\" data-comments-opened=\"0\" data-image-meta=\"{&quot;aperture&quot;:&quot;0&quot;,&quot;credit&quot;:&quot;&quot;,&quot;camera&quot;:&quot;&quot;,&quot;caption&quot;:&quot;&quot;,&quot;created_timestamp&quot;:&quot;0&quot;,&quot;copyright&quot;:&quot;&quot;,&quot;focal_length&quot;:&quot;0&quot;,&quot;iso&quot;:&quot;0&quot;,&quot;shutter_speed&quot;:&quot;0&quot;,&quot;title&quot;:&quot;&quot;,&quot;orientation&quot;:&quot;0&quot;}\" data-image-title=\"strecke-1ter-deister-arschgeweih-marathon-2021-02-13\" data-image-description=\"\" data-medium-file=\"https:\/\/fjungclaus.de\/wp\/wp-content\/uploads\/2021\/02\/strecke-1ter-deister-arschgeweih-marathon-2021-02-13-640x502.jpg\" data-large-file=\"https:\/\/fjungclaus.de\/wp\/wp-content\/uploads\/2021\/02\/strecke-1ter-deister-arschgeweih-marathon-2021-02-13.jpg\" src=\"https:\/\/fjungclaus.de\/wp\/wp-content\/uploads\/2021\/02\/strecke-1ter-deister-arschgeweih-marathon-2021-02-13.jpg\" width=\"703\" height=\"552\" align=\"left\" title=\"strecke-1ter-deister-arschgeweih-marathon-2021-02-13\" \/><\/a><\/div><\/div><div class=\"gallery-group images-1\" style=\"width: 418px; height: 556px;\"><div class=\"tiled-gallery-item tiled-gallery-item-full\"><a href=\"https:\/\/fjungclaus.de\/wp\/2021\/02\/27\/1-deister-arschgeweih-marathon-43km-2021-02-13\/img_20210227_150235\"><img loading=\"lazy\" decoding=\"async\" data-attachment-id=\"16956\" data-orig-file=\"https:\/\/fjungclaus.de\/wp\/wp-content\/uploads\/2021\/02\/IMG_20210227_150235.jpg\" data-orig-size=\"960,1280\" data-comments-opened=\"0\" data-image-meta=\"{&quot;aperture&quot;:&quot;1.75&quot;,&quot;credit&quot;:&quot;&quot;,&quot;camera&quot;:&quot;MI 9&quot;,&quot;caption&quot;:&quot;&quot;,&quot;created_timestamp&quot;:&quot;1614438156&quot;,&quot;copyright&quot;:&quot;&quot;,&quot;focal_length&quot;:&quot;4.75&quot;,&quot;iso&quot;:&quot;344&quot;,&quot;shutter_speed&quot;:&quot;0.01&quot;,&quot;title&quot;:&quot;&quot;,&quot;orientation&quot;:&quot;1&quot;}\" data-image-title=\"IMG_20210227_150235\" data-image-description=\"\" data-medium-file=\"https:\/\/fjungclaus.de\/wp\/wp-content\/uploads\/2021\/02\/IMG_20210227_150235-480x640.jpg\" data-large-file=\"https:\/\/fjungclaus.de\/wp\/wp-content\/uploads\/2021\/02\/IMG_20210227_150235.jpg\" src=\"https:\/\/fjungclaus.de\/wp\/wp-content\/uploads\/2021\/02\/IMG_20210227_150235.jpg\" width=\"414\" height=\"552\" align=\"left\" title=\"IMG_20210227_150235\" \/><\/a><\/div><\/div><\/div><\/div>\n<p>&nbsp;<\/p>\n","protected":false},"excerpt":{"rendered":"<p>Ich meine, es war der Neujahrstag 2021, an dem ich mich zu diesem Lauf angemeldet habe. Die Bef\u00fcrchtungen galten dabei mehr dem SARS-CoV-2 Virus als dem Wetter. Dem Virus wurde durch einen kontaktlosen Lauf begegnet. Der Start von ca. 25&#8230; <a class=\"more-link\" href=\"https:\/\/fjungclaus.de\/wp\/2021\/02\/27\/1-deister-arschgeweih-marathon-43km-2021-02-13\">Continue Reading &rarr;<\/a><\/p>\n","protected":false},"author":1,"featured_media":16944,"comment_status":"closed","ping_status":"closed","sticky":false,"template":"","format":"standard","meta":{"footnotes":""},"categories":[22,65],"tags":[45,77,278,277,276],"class_list":["post-16925","post","type-post","status-publish","format-standard","has-post-thumbnail","hentry","category-running","category-wetter","tag-deister","tag-marathon","tag-schnee","tag-shinsplinters-langenhagen","tag-winter"],"views":1732,"_links":{"self":[{"href":"https:\/\/fjungclaus.de\/wp\/wp-json\/wp\/v2\/posts\/16925","targetHints":{"allow":["GET"]}}],"collection":[{"href":"https:\/\/fjungclaus.de\/wp\/wp-json\/wp\/v2\/posts"}],"about":[{"href":"https:\/\/fjungclaus.de\/wp\/wp-json\/wp\/v2\/types\/post"}],"author":[{"embeddable":true,"href":"https:\/\/fjungclaus.de\/wp\/wp-json\/wp\/v2\/users\/1"}],"replies":[{"embeddable":true,"href":"https:\/\/fjungclaus.de\/wp\/wp-json\/wp\/v2\/comments?post=16925"}],"version-history":[{"count":16,"href":"https:\/\/fjungclaus.de\/wp\/wp-json\/wp\/v2\/posts\/16925\/revisions"}],"predecessor-version":[{"id":16970,"href":"https:\/\/fjungclaus.de\/wp\/wp-json\/wp\/v2\/posts\/16925\/revisions\/16970"}],"wp:featuredmedia":[{"embeddable":true,"href":"https:\/\/fjungclaus.de\/wp\/wp-json\/wp\/v2\/media\/16944"}],"wp:attachment":[{"href":"https:\/\/fjungclaus.de\/wp\/wp-json\/wp\/v2\/media?parent=16925"}],"wp:term":[{"taxonomy":"category","embeddable":true,"href":"https:\/\/fjungclaus.de\/wp\/wp-json\/wp\/v2\/categories?post=16925"},{"taxonomy":"post_tag","embeddable":true,"href":"https:\/\/fjungclaus.de\/wp\/wp-json\/wp\/v2\/tags?post=16925"}],"curies":[{"name":"wp","href":"https:\/\/api.w.org\/{rel}","templated":true}]}}